{"id":3718,"date":"2023-07-13T23:15:00","date_gmt":"2023-07-13T21:15:00","guid":{"rendered":"http:\/\/initiative-warmfreibad.de\/?p=3718"},"modified":"2023-07-13T23:15:01","modified_gmt":"2023-07-13T21:15:01","slug":"wassergmynastik-ab-17-7-immer-montags-ab-18-uhr-30-im-bad","status":"publish","type":"post","link":"https:\/\/initiative-warmfreibad.de\/?p=3718","title":{"rendered":"Wassergmynastik ab 17.7. immer Montags ab 18 Uhr 30 im Bad"},"content":{"rendered":"\n<p>\n\nWieder Wassergymnastik im Warmfreibad<br>Beliebtes Format findet wieder statt<br>Die bei Jung und&nbsp;Alt sehr beliebte Wasserrgymnastik findet ab kommenden Montag den 17.7.2023 um 18 Uhr 30 wieder w\u00f6chentlich zu diesem Zeitpunkt&nbsp;im Warmfreibad statt. &#8222;Mit Frau Natascha Hartl haben wir unsere kompetente Trainerin wieder f\u00fcr dieses erfolgreiche Format gewinnen k\u00f6nnen.&#8220; So Tobias Wiesemann zu der Wiedereinf\u00fchrung der in den letzten Jahren sehr gut nachgefragten Veranstaltungsreihe. Die Kosten werden wieder komplett vom F\u00f6rderverein Warmfreibad \u00fcbernommen. Mit der Wassergymnastik bietet sich die M\u00f6glichkeit, einen gesunden Sport gemeinsam in der Gruppe auszu\u00fcben. Bei motivierender Musik kann jede:r die eigene Fitness deutlich verbessern. Die Bewegung im warmen Wasser ist besonders gelenkschonend und deswegen f\u00fcr alle geeignet.<br><\/p>\n","protected":false},"excerpt":{"rendered":"<p>Wieder Wassergymnastik im WarmfreibadBeliebtes Format findet wieder stattDie bei Jung und&nbsp;Alt sehr beliebte Wasserrgymnastik findet ab kommenden Montag den 17.7.2023 um 18 Uhr 30 wieder w\u00f6chentlich zu diesem Zeitpunkt&nbsp;im Warmfreibad statt. &#8222;Mit Frau Natascha Hartl haben wir unsere kompetente Trainerin wieder f\u00fcr dieses erfolgreiche Format gewinnen k\u00f6nnen.&#8220; So Tobias Wiesemann zu der Wiedereinf\u00fchrung der in [&hellip;]<\/p>\n","protected":false},"author":1,"featured_media":0,"comment_status":"closed","ping_status":"closed","sticky":false,"template":"","format":"standard","meta":{"footnotes":""},"categories":[1],"tags":[],"class_list":["post-3718","post","type-post","status-publish","format-standard","hentry","category-allgemein"],"_links":{"self":[{"href":"https:\/\/initiative-warmfreibad.de\/index.php?rest_route=\/wp\/v2\/posts\/3718","targetHints":{"allow":["GET"]}}],"collection":[{"href":"https:\/\/initiative-warmfreibad.de\/index.php?rest_route=\/wp\/v2\/posts"}],"about":[{"href":"https:\/\/initiative-warmfreibad.de\/index.php?rest_route=\/wp\/v2\/types\/post"}],"author":[{"embeddable":true,"href":"https:\/\/initiative-warmfreibad.de\/index.php?rest_route=\/wp\/v2\/users\/1"}],"replies":[{"embeddable":true,"href":"https:\/\/initiative-warmfreibad.de\/index.php?rest_route=%2Fwp%2Fv2%2Fcomments&post=3718"}],"version-history":[{"count":1,"href":"https:\/\/initiative-warmfreibad.de\/index.php?rest_route=\/wp\/v2\/posts\/3718\/revisions"}],"predecessor-version":[{"id":3719,"href":"https:\/\/initiative-warmfreibad.de\/index.php?rest_route=\/wp\/v2\/posts\/3718\/revisions\/3719"}],"wp:attachment":[{"href":"https:\/\/initiative-warmfreibad.de\/index.php?rest_route=%2Fwp%2Fv2%2Fmedia&parent=3718"}],"wp:term":[{"taxonomy":"category","embeddable":true,"href":"https:\/\/initiative-warmfreibad.de\/index.php?rest_route=%2Fwp%2Fv2%2Fcategories&post=3718"},{"taxonomy":"post_tag","embeddable":true,"href":"https:\/\/initiative-warmfreibad.de\/index.php?rest_route=%2Fwp%2Fv2%2Ftags&post=3718"}],"curies":[{"name":"wp","href":"https:\/\/api.w.org\/{rel}","templated":true}]}}